{"id":6764,"date":"2023-05-15T15:04:01","date_gmt":"2023-05-15T15:04:01","guid":{"rendered":"https:\/\/almazaraalcaraz.com\/tienda\/?p=6764"},"modified":"2023-05-15T15:08:41","modified_gmt":"2023-05-15T15:08:41","slug":"encuentra-tu-tienda-en-la-provincia-de-albacete","status":"publish","type":"post","link":"https:\/\/almazaraalcaraz.com\/tienda\/encuentra-tu-tienda-en-la-provincia-de-albacete\/","title":{"rendered":"ENCUENTRA TU TIENDA EN LA PROVINCIA DE ALBACETE"},"content":{"rendered":"<p>A diario nos encontramos con clientes que quieren saber los puntos de venta de nuestros productos en las diferentes localidades espa\u00f1olas.<\/p>\n<p>La verdad, estamos presentes en muchas tiendas pero no en toda Espa\u00f1a, ya que somos una peque\u00f1a empresa y nuestra red de comercializaci\u00f3n y distribuci\u00f3n es peque\u00f1ita.<\/p>\n<p>En este post, os indicaremos las tiendas en las que pod\u00e9is encontrarnos en la provincia de Albacete, poco a poco iremos actualizando nuestra base de datos para daos m\u00e1s puntos de venta en toda Espa\u00f1a, y por supuesto, ten\u00e9is nuestra tienda web a la disposici\u00f3n de todos y a nuestras chicas de la oficina para gestionar cualquier pedido que necesit\u00e9is realizar.<\/p>\n<table border=\"0\" width=\"929\" cellspacing=\"0\" cellpadding=\"0\">\n<tbody>\n<tr>\n<td valign=\"bottom\"><strong>Columna<\/strong><\/td>\n<td valign=\"bottom\"><strong>Nombre Comercial<\/strong><\/td>\n<td valign=\"bottom\"><strong>Direcci\u00f3n<\/strong><\/td>\n<td valign=\"bottom\"><strong>Localidad<\/strong><\/td>\n<\/tr>\n<tr>\n<td valign=\"bottom\">1<\/td>\n<td valign=\"bottom\">HERBOLARIO DE LA TIERRA<\/td>\n<td valign=\"bottom\">C\/ PADRE ROMANO, 14<\/td>\n<td valign=\"bottom\">ALBACATE<\/td>\n<\/tr>\n<tr>\n<td valign=\"bottom\">2<\/td>\n<td>BACALOS Y CONSERVAS ASENSIO<\/td>\n<td>C\/ ALBARDEROS, 6<\/td>\n<td>ALBACETE<\/td>\n<\/tr>\n<tr>\n<td valign=\"bottom\">3<\/td>\n<td valign=\"bottom\">CUTANDA VINOS &amp; GOURMET<\/td>\n<td valign=\"bottom\">C\/CONCEPCION, 12<\/td>\n<td>ALBACETE<\/td>\n<\/tr>\n<tr>\n<td valign=\"bottom\">4<\/td>\n<td valign=\"bottom\">EL MUNDO DE LA FRUTA<\/td>\n<td valign=\"bottom\">C\/ BLASCO IBA\u00d1EZ, 64<\/td>\n<td>ALBACETE<\/td>\n<\/tr>\n<tr>\n<td valign=\"bottom\">5<\/td>\n<td valign=\"bottom\">EL SUE\u00d1O DEL QUESERO<\/td>\n<td valign=\"bottom\">C\/ ROSARIO, 58<\/td>\n<td>ALBACETE<\/td>\n<\/tr>\n<tr>\n<td valign=\"bottom\">6<\/td>\n<td>FRUTAS Y VERDURAS HERMANOS MADRIGAL<\/td>\n<td>C\/ DR COLLADO PI\u00d1A, 35<\/td>\n<td>ALBACETE<\/td>\n<\/tr>\n<tr>\n<td valign=\"bottom\">7<\/td>\n<td valign=\"bottom\">FRUTERIA ROSARIO<\/td>\n<td valign=\"bottom\">C\/ ANTONIO CUEVAS BELMONTE, 14<\/td>\n<td>ALBACETE<\/td>\n<\/tr>\n<tr>\n<td valign=\"bottom\">8<\/td>\n<td valign=\"bottom\">HERBOLARIO NATURALMENTE<\/td>\n<td valign=\"bottom\">C\/ SAN JULIAN, 9<\/td>\n<td valign=\"bottom\">ALBACETE<\/td>\n<\/tr>\n<tr>\n<td valign=\"bottom\">9<\/td>\n<td valign=\"bottom\">LA LABORIOSA<\/td>\n<td valign=\"bottom\">MERCADO DE VILLACERRADA, LOCAL C04<\/td>\n<td valign=\"bottom\">ALBACETE<\/td>\n<\/tr>\n<tr>\n<td valign=\"bottom\">10<\/td>\n<td valign=\"bottom\">MANTEQUERIAS LA TIENDA, S.L.U<\/td>\n<td valign=\"bottom\">C\/ SAN ANTONIO, 3<\/td>\n<td valign=\"bottom\">ALBACETE<\/td>\n<\/tr>\n<tr>\n<td valign=\"bottom\">11<\/td>\n<td valign=\"bottom\">QUESOS GUIJARRO MU\u00d1OZ<\/td>\n<td valign=\"bottom\">C\/ FERIA, 25<\/td>\n<td>ALBACETE<\/td>\n<\/tr>\n<tr>\n<td valign=\"bottom\">12<\/td>\n<td valign=\"bottom\">ALIMENTACION JAVI<\/td>\n<td valign=\"bottom\">AVDA. DE LA CONSTITUCION<\/td>\n<td valign=\"bottom\">ALCARAZ<\/td>\n<\/tr>\n<tr>\n<td valign=\"bottom\">13<\/td>\n<td valign=\"bottom\">ALIMENTACION MILA<\/td>\n<td valign=\"bottom\">C\/ MAYOR, 7<\/td>\n<td valign=\"bottom\">ALCARAZ<\/td>\n<\/tr>\n<tr>\n<td valign=\"bottom\">14<\/td>\n<td valign=\"bottom\">CAFETERIA PANADERIA CUARTERO<\/td>\n<td valign=\"bottom\">AVDA. DE LA CONSTITUCION<\/td>\n<td valign=\"bottom\">ALCARAZ<\/td>\n<\/tr>\n<tr>\n<td valign=\"bottom\">15<\/td>\n<td valign=\"bottom\">GASOLINERA ALCARAZ<\/td>\n<td valign=\"bottom\">CTRA JA\u00c9N KM 276.600<\/td>\n<td valign=\"bottom\">ALCARAZ<\/td>\n<\/tr>\n<tr>\n<td valign=\"bottom\">16<\/td>\n<td valign=\"bottom\">OFICINA DE TURISMO DE ALCARAZ<\/td>\n<td valign=\"bottom\">PLAZA MAYOR<\/td>\n<td valign=\"bottom\">ALCARAZ<\/td>\n<\/tr>\n<tr>\n<td valign=\"bottom\">17<\/td>\n<td valign=\"bottom\">CARNICERIA EL JARDIN<\/td>\n<td valign=\"bottom\">CARRETERA DE JAEN N\u00ba44<\/td>\n<td valign=\"bottom\">EL JARDIN<\/td>\n<\/tr>\n<tr>\n<td valign=\"bottom\">18<\/td>\n<td valign=\"bottom\">SUPERMERCADO ANDRES<\/td>\n<td valign=\"bottom\">CTRA JAEN, 20<\/td>\n<td valign=\"bottom\">EL JARDIN<\/td>\n<\/tr>\n<tr>\n<td valign=\"bottom\">19<\/td>\n<td valign=\"bottom\">SUPERMERCADO EDUARDO S.P.J.<\/td>\n<td valign=\"bottom\">CRTA JAEN, 15<\/td>\n<td valign=\"bottom\">EL JARDIN<\/td>\n<\/tr>\n<tr>\n<td valign=\"bottom\">20<\/td>\n<td valign=\"bottom\">LA CASA DEL QUESO<\/td>\n<td valign=\"bottom\">CRTA. JAEN N\u00ba 32<\/td>\n<td valign=\"bottom\">EL JARD\u00cdN<\/td>\n<\/tr>\n<tr>\n<td valign=\"bottom\">21<\/td>\n<td valign=\"bottom\">GASOLINERA PETROGAS HELLIN<\/td>\n<td valign=\"bottom\">Entrada de Hell\u00edn<\/td>\n<td valign=\"bottom\">HELLIN<\/td>\n<\/tr>\n<tr>\n<td valign=\"bottom\">22<\/td>\n<td valign=\"bottom\">QUESO RODANOBLE<\/td>\n<td valign=\"bottom\">C\/ ALFREDO ATIENZA, 18<\/td>\n<td valign=\"bottom\">LA RODA<\/td>\n<\/tr>\n<tr>\n<td valign=\"bottom\">23<\/td>\n<td valign=\"bottom\">PE\u00d1ARRUBIA DEL ALTO GUADIANA, S.L.<\/td>\n<td valign=\"bottom\">AVDA. PRINCIPE DE ASTURIAS,9<\/td>\n<td valign=\"bottom\">OSSA DE MONTIEL<\/td>\n<\/tr>\n<\/tbody>\n<\/table>\n<p>Si eres un peque\u00f1o comercio y quieres tener un buen AOVE para tus clientes, hecho con los m\u00e1ximos est\u00e1ndares de calidad y con mucho cari\u00f1o desde la Sierra de Alcaraz, CONTACTA CON NOSOTROS\u00a1<\/p>\n\n\t\t<style type=\"text\/css\">\n\t\t\t#gallery-1 {\n\t\t\t\tmargin: auto;\n\t\t\t}\n\t\t\t#gallery-1 .gallery-item {\n\t\t\t\tfloat: left;\n\t\t\t\tmargin-top: 10px;\n\t\t\t\ttext-align: center;\n\t\t\t\twidth: 33%;\n\t\t\t}\n\t\t\t#gallery-1 img {\n\t\t\t\tborder: 2px solid #cfcfcf;\n\t\t\t}\n\t\t\t#gallery-1 .gallery-caption {\n\t\t\t\tmargin-left: 0;\n\t\t\t}\n\t\t\t\/* see gallery_shortcode() in wp-includes\/media.php *\/\n\t\t<\/style>\n\t\t<div id='gallery-1' class='gallery galleryid-6764 gallery-columns-3 gallery-size-thumbnail'><dl class='gallery-item'>\n\t\t\t<dt class='gallery-icon landscape'>\n\t\t\t\t<a href='https:\/\/almazaraalcaraz.com\/tienda\/encuentra-tu-tienda-en-la-provincia-de-albacete\/1-3\/'><img decoding=\"async\" width=\"150\" height=\"150\" src=\"https:\/\/almazaraalcaraz.com\/tienda\/wp-content\/uploads\/xstore\/xstore-placeholder-1x1.png\" class=\"attachment-thumbnail size-thumbnail lazyload lazyload-simple et-lazyload-fadeIn\" alt=\"\" sizes=\"(max-width: 150px) 100vw, 150px\" data-src=\"https:\/\/almazaraalcaraz.com\/tienda\/wp-content\/uploads\/2023\/05\/1-150x150.png\" data-srcset=\"https:\/\/almazaraalcaraz.com\/tienda\/wp-content\/uploads\/2023\/05\/1-150x150.png 150w, https:\/\/almazaraalcaraz.com\/tienda\/wp-content\/uploads\/2023\/05\/1-1x1.png 1w, https:\/\/almazaraalcaraz.com\/tienda\/wp-content\/uploads\/2023\/05\/1-600x600.png 600w, https:\/\/almazaraalcaraz.com\/tienda\/wp-content\/uploads\/2023\/05\/1-300x300.png 300w, https:\/\/almazaraalcaraz.com\/tienda\/wp-content\/uploads\/2023\/05\/1-100x100.png 100w\" \/><\/a>\n\t\t\t<\/dt><\/dl><dl class='gallery-item'>\n\t\t\t<dt class='gallery-icon landscape'>\n\t\t\t\t<a href='https:\/\/almazaraalcaraz.com\/tienda\/encuentra-tu-tienda-en-la-provincia-de-albacete\/2-3\/'><img decoding=\"async\" width=\"150\" height=\"150\" src=\"https:\/\/almazaraalcaraz.com\/tienda\/wp-content\/uploads\/xstore\/xstore-placeholder-1x1.png\" class=\"attachment-thumbnail size-thumbnail lazyload lazyload-simple et-lazyload-fadeIn\" alt=\"\" sizes=\"(max-width: 150px) 100vw, 150px\" data-src=\"https:\/\/almazaraalcaraz.com\/tienda\/wp-content\/uploads\/2023\/05\/2-150x150.png\" data-srcset=\"https:\/\/almazaraalcaraz.com\/tienda\/wp-content\/uploads\/2023\/05\/2-150x150.png 150w, https:\/\/almazaraalcaraz.com\/tienda\/wp-content\/uploads\/2023\/05\/2-1x1.png 1w, https:\/\/almazaraalcaraz.com\/tienda\/wp-content\/uploads\/2023\/05\/2-600x600.png 600w, https:\/\/almazaraalcaraz.com\/tienda\/wp-content\/uploads\/2023\/05\/2-300x300.png 300w, https:\/\/almazaraalcaraz.com\/tienda\/wp-content\/uploads\/2023\/05\/2-100x100.png 100w\" \/><\/a>\n\t\t\t<\/dt><\/dl>\n\t\t\t<br style='clear: both' \/>\n\t\t<\/div>\n\n","protected":false},"excerpt":{"rendered":"<p>A diario nos encontramos con clientes que quieren saber los puntos de venta de nuestros productos en las diferentes localidades espa\u00f1olas. La verdad, estamos presentes&#8230;<\/p>\n","protected":false},"author":1,"featured_media":6765,"comment_status":"open","ping_status":"open","sticky":false,"template":"","format":"standard","meta":{"footnotes":""},"categories":[1],"tags":[],"class_list":["post-6764","post","type-post","status-publish","format-standard","has-post-thumbnail","hentry","category-sin-categorizar"],"yoast_head":"<!-- This site is optimized with the Yoast SEO plugin v27.0 - https:\/\/yoast.com\/product\/yoast-seo-wordpress\/ -->\n<title>ENCUENTRA TU TIENDA EN LA PROVINCIA DE ALBACETE - Almazara de Alcaraz<\/title>\n<meta name=\"robots\" content=\"index, follow, max-snippet:-1, max-image-preview:large, max-video-preview:-1\" \/>\n<link rel=\"canonical\" href=\"https:\/\/almazaraalcaraz.com\/tienda\/encuentra-tu-tienda-en-la-provincia-de-albacete\/\" \/>\n<meta property=\"og:locale\" content=\"es_ES\" \/>\n<meta property=\"og:type\" content=\"article\" \/>\n<meta property=\"og:title\" content=\"ENCUENTRA TU TIENDA EN LA PROVINCIA DE ALBACETE - Almazara de Alcaraz\" \/>\n<meta property=\"og:description\" content=\"A diario nos encontramos con clientes que quieren saber los puntos de venta de nuestros productos en las diferentes localidades espa\u00f1olas. La verdad, estamos presentes...\" \/>\n<meta property=\"og:url\" content=\"https:\/\/almazaraalcaraz.com\/tienda\/encuentra-tu-tienda-en-la-provincia-de-albacete\/\" \/>\n<meta property=\"og:site_name\" content=\"Almazara de Alcaraz\" \/>\n<meta property=\"article:publisher\" content=\"https:\/\/www.facebook.com\/aesabio\/?locale=es_ES\" \/>\n<meta property=\"article:published_time\" content=\"2023-05-15T15:04:01+00:00\" \/>\n<meta property=\"article:modified_time\" content=\"2023-05-15T15:08:41+00:00\" \/>\n<meta property=\"og:image\" content=\"https:\/\/almazaraalcaraz.com\/tienda\/wp-content\/uploads\/2023\/05\/1.png\" \/>\n\t<meta property=\"og:image:width\" content=\"2000\" \/>\n\t<meta property=\"og:image:height\" content=\"1414\" \/>\n\t<meta property=\"og:image:type\" content=\"image\/png\" \/>\n<meta name=\"author\" content=\"administrador\" \/>\n<meta name=\"twitter:card\" content=\"summary_large_image\" \/>\n<meta name=\"twitter:label1\" content=\"Escrito por\" \/>\n\t<meta name=\"twitter:data1\" content=\"administrador\" \/>\n\t<meta name=\"twitter:label2\" content=\"Tiempo de lectura\" \/>\n\t<meta name=\"twitter:data2\" content=\"2 minutos\" \/>\n<script type=\"application\/ld+json\" class=\"yoast-schema-graph\">{\"@context\":\"https:\/\/schema.org\",\"@graph\":[{\"@type\":\"Article\",\"@id\":\"https:\/\/almazaraalcaraz.com\/tienda\/encuentra-tu-tienda-en-la-provincia-de-albacete\/#article\",\"isPartOf\":{\"@id\":\"https:\/\/almazaraalcaraz.com\/tienda\/encuentra-tu-tienda-en-la-provincia-de-albacete\/\"},\"author\":{\"name\":\"administrador\",\"@id\":\"https:\/\/almazaraalcaraz.com\/tienda\/#\/schema\/person\/5a9649e276f63a7e6a47b9d47b8504ad\"},\"headline\":\"ENCUENTRA TU TIENDA EN LA PROVINCIA DE ALBACETE\",\"datePublished\":\"2023-05-15T15:04:01+00:00\",\"dateModified\":\"2023-05-15T15:08:41+00:00\",\"mainEntityOfPage\":{\"@id\":\"https:\/\/almazaraalcaraz.com\/tienda\/encuentra-tu-tienda-en-la-provincia-de-albacete\/\"},\"wordCount\":360,\"commentCount\":0,\"publisher\":{\"@id\":\"https:\/\/almazaraalcaraz.com\/tienda\/#organization\"},\"image\":{\"@id\":\"https:\/\/almazaraalcaraz.com\/tienda\/encuentra-tu-tienda-en-la-provincia-de-albacete\/#primaryimage\"},\"thumbnailUrl\":\"https:\/\/almazaraalcaraz.com\/tienda\/wp-content\/uploads\/2023\/05\/1.png\",\"articleSection\":[\"Sin categorizar\"],\"inLanguage\":\"es\",\"potentialAction\":[{\"@type\":\"CommentAction\",\"name\":\"Comment\",\"target\":[\"https:\/\/almazaraalcaraz.com\/tienda\/encuentra-tu-tienda-en-la-provincia-de-albacete\/#respond\"]}]},{\"@type\":\"WebPage\",\"@id\":\"https:\/\/almazaraalcaraz.com\/tienda\/encuentra-tu-tienda-en-la-provincia-de-albacete\/\",\"url\":\"https:\/\/almazaraalcaraz.com\/tienda\/encuentra-tu-tienda-en-la-provincia-de-albacete\/\",\"name\":\"ENCUENTRA TU TIENDA EN LA PROVINCIA DE ALBACETE - Almazara de Alcaraz\",\"isPartOf\":{\"@id\":\"https:\/\/almazaraalcaraz.com\/tienda\/#website\"},\"primaryImageOfPage\":{\"@id\":\"https:\/\/almazaraalcaraz.com\/tienda\/encuentra-tu-tienda-en-la-provincia-de-albacete\/#primaryimage\"},\"image\":{\"@id\":\"https:\/\/almazaraalcaraz.com\/tienda\/encuentra-tu-tienda-en-la-provincia-de-albacete\/#primaryimage\"},\"thumbnailUrl\":\"https:\/\/almazaraalcaraz.com\/tienda\/wp-content\/uploads\/2023\/05\/1.png\",\"datePublished\":\"2023-05-15T15:04:01+00:00\",\"dateModified\":\"2023-05-15T15:08:41+00:00\",\"breadcrumb\":{\"@id\":\"https:\/\/almazaraalcaraz.com\/tienda\/encuentra-tu-tienda-en-la-provincia-de-albacete\/#breadcrumb\"},\"inLanguage\":\"es\",\"potentialAction\":[{\"@type\":\"ReadAction\",\"target\":[\"https:\/\/almazaraalcaraz.com\/tienda\/encuentra-tu-tienda-en-la-provincia-de-albacete\/\"]}]},{\"@type\":\"ImageObject\",\"inLanguage\":\"es\",\"@id\":\"https:\/\/almazaraalcaraz.com\/tienda\/encuentra-tu-tienda-en-la-provincia-de-albacete\/#primaryimage\",\"url\":\"https:\/\/almazaraalcaraz.com\/tienda\/wp-content\/uploads\/2023\/05\/1.png\",\"contentUrl\":\"https:\/\/almazaraalcaraz.com\/tienda\/wp-content\/uploads\/2023\/05\/1.png\",\"width\":2000,\"height\":1414},{\"@type\":\"BreadcrumbList\",\"@id\":\"https:\/\/almazaraalcaraz.com\/tienda\/encuentra-tu-tienda-en-la-provincia-de-albacete\/#breadcrumb\",\"itemListElement\":[{\"@type\":\"ListItem\",\"position\":1,\"name\":\"Portada\",\"item\":\"https:\/\/almazaraalcaraz.com\/tienda\/\"},{\"@type\":\"ListItem\",\"position\":2,\"name\":\"ENCUENTRA TU TIENDA EN LA PROVINCIA DE ALBACETE\"}]},{\"@type\":\"WebSite\",\"@id\":\"https:\/\/almazaraalcaraz.com\/tienda\/#website\",\"url\":\"https:\/\/almazaraalcaraz.com\/tienda\/\",\"name\":\"Almazara de Alcaraz\",\"description\":\"Agropecuaria Ecol\u00f3gica Sierra de alcara\",\"publisher\":{\"@id\":\"https:\/\/almazaraalcaraz.com\/tienda\/#organization\"},\"potentialAction\":[{\"@type\":\"SearchAction\",\"target\":{\"@type\":\"EntryPoint\",\"urlTemplate\":\"https:\/\/almazaraalcaraz.com\/tienda\/?s={search_term_string}\"},\"query-input\":{\"@type\":\"PropertyValueSpecification\",\"valueRequired\":true,\"valueName\":\"search_term_string\"}}],\"inLanguage\":\"es\"},{\"@type\":\"Organization\",\"@id\":\"https:\/\/almazaraalcaraz.com\/tienda\/#organization\",\"name\":\"Almazara de Alcaraz\",\"url\":\"https:\/\/almazaraalcaraz.com\/tienda\/\",\"logo\":{\"@type\":\"ImageObject\",\"inLanguage\":\"es\",\"@id\":\"https:\/\/almazaraalcaraz.com\/tienda\/#\/schema\/logo\/image\/\",\"url\":\"https:\/\/almazaraalcaraz.com\/tienda\/wp-content\/uploads\/2023\/06\/Logo-AESA_masgordo.png\",\"contentUrl\":\"https:\/\/almazaraalcaraz.com\/tienda\/wp-content\/uploads\/2023\/06\/Logo-AESA_masgordo.png\",\"width\":591,\"height\":264,\"caption\":\"Almazara de Alcaraz\"},\"image\":{\"@id\":\"https:\/\/almazaraalcaraz.com\/tienda\/#\/schema\/logo\/image\/\"},\"sameAs\":[\"https:\/\/www.facebook.com\/aesabio\/?locale=es_ES\",\"https:\/\/www.youtube.com\/@AESAsierradealcaraz\"]},{\"@type\":\"Person\",\"@id\":\"https:\/\/almazaraalcaraz.com\/tienda\/#\/schema\/person\/5a9649e276f63a7e6a47b9d47b8504ad\",\"name\":\"administrador\",\"image\":{\"@type\":\"ImageObject\",\"inLanguage\":\"es\",\"@id\":\"https:\/\/almazaraalcaraz.com\/tienda\/#\/schema\/person\/image\/\",\"url\":\"https:\/\/secure.gravatar.com\/avatar\/7e868cfc55c1b2cb27ed92695d10ff753b6953035f68338f57733e711bc4e8e9?s=96&d=mm&r=g\",\"contentUrl\":\"https:\/\/secure.gravatar.com\/avatar\/7e868cfc55c1b2cb27ed92695d10ff753b6953035f68338f57733e711bc4e8e9?s=96&d=mm&r=g\",\"caption\":\"administrador\"},\"url\":\"https:\/\/almazaraalcaraz.com\/tienda\/author\/administrador\/\"}]}<\/script>\n<!-- \/ Yoast SEO plugin. -->","yoast_head_json":{"title":"ENCUENTRA TU TIENDA EN LA PROVINCIA DE ALBACETE - Almazara de Alcaraz","robots":{"index":"index","follow":"follow","max-snippet":"max-snippet:-1","max-image-preview":"max-image-preview:large","max-video-preview":"max-video-preview:-1"},"canonical":"https:\/\/almazaraalcaraz.com\/tienda\/encuentra-tu-tienda-en-la-provincia-de-albacete\/","og_locale":"es_ES","og_type":"article","og_title":"ENCUENTRA TU TIENDA EN LA PROVINCIA DE ALBACETE - Almazara de Alcaraz","og_description":"A diario nos encontramos con clientes que quieren saber los puntos de venta de nuestros productos en las diferentes localidades espa\u00f1olas. La verdad, estamos presentes...","og_url":"https:\/\/almazaraalcaraz.com\/tienda\/encuentra-tu-tienda-en-la-provincia-de-albacete\/","og_site_name":"Almazara de Alcaraz","article_publisher":"https:\/\/www.facebook.com\/aesabio\/?locale=es_ES","article_published_time":"2023-05-15T15:04:01+00:00","article_modified_time":"2023-05-15T15:08:41+00:00","og_image":[{"width":2000,"height":1414,"url":"https:\/\/almazaraalcaraz.com\/tienda\/wp-content\/uploads\/2023\/05\/1.png","type":"image\/png"}],"author":"administrador","twitter_card":"summary_large_image","twitter_misc":{"Escrito por":"administrador","Tiempo de lectura":"2 minutos"},"schema":{"@context":"https:\/\/schema.org","@graph":[{"@type":"Article","@id":"https:\/\/almazaraalcaraz.com\/tienda\/encuentra-tu-tienda-en-la-provincia-de-albacete\/#article","isPartOf":{"@id":"https:\/\/almazaraalcaraz.com\/tienda\/encuentra-tu-tienda-en-la-provincia-de-albacete\/"},"author":{"name":"administrador","@id":"https:\/\/almazaraalcaraz.com\/tienda\/#\/schema\/person\/5a9649e276f63a7e6a47b9d47b8504ad"},"headline":"ENCUENTRA TU TIENDA EN LA PROVINCIA DE ALBACETE","datePublished":"2023-05-15T15:04:01+00:00","dateModified":"2023-05-15T15:08:41+00:00","mainEntityOfPage":{"@id":"https:\/\/almazaraalcaraz.com\/tienda\/encuentra-tu-tienda-en-la-provincia-de-albacete\/"},"wordCount":360,"commentCount":0,"publisher":{"@id":"https:\/\/almazaraalcaraz.com\/tienda\/#organization"},"image":{"@id":"https:\/\/almazaraalcaraz.com\/tienda\/encuentra-tu-tienda-en-la-provincia-de-albacete\/#primaryimage"},"thumbnailUrl":"https:\/\/almazaraalcaraz.com\/tienda\/wp-content\/uploads\/2023\/05\/1.png","articleSection":["Sin categorizar"],"inLanguage":"es","potentialAction":[{"@type":"CommentAction","name":"Comment","target":["https:\/\/almazaraalcaraz.com\/tienda\/encuentra-tu-tienda-en-la-provincia-de-albacete\/#respond"]}]},{"@type":"WebPage","@id":"https:\/\/almazaraalcaraz.com\/tienda\/encuentra-tu-tienda-en-la-provincia-de-albacete\/","url":"https:\/\/almazaraalcaraz.com\/tienda\/encuentra-tu-tienda-en-la-provincia-de-albacete\/","name":"ENCUENTRA TU TIENDA EN LA PROVINCIA DE ALBACETE - Almazara de Alcaraz","isPartOf":{"@id":"https:\/\/almazaraalcaraz.com\/tienda\/#website"},"primaryImageOfPage":{"@id":"https:\/\/almazaraalcaraz.com\/tienda\/encuentra-tu-tienda-en-la-provincia-de-albacete\/#primaryimage"},"image":{"@id":"https:\/\/almazaraalcaraz.com\/tienda\/encuentra-tu-tienda-en-la-provincia-de-albacete\/#primaryimage"},"thumbnailUrl":"https:\/\/almazaraalcaraz.com\/tienda\/wp-content\/uploads\/2023\/05\/1.png","datePublished":"2023-05-15T15:04:01+00:00","dateModified":"2023-05-15T15:08:41+00:00","breadcrumb":{"@id":"https:\/\/almazaraalcaraz.com\/tienda\/encuentra-tu-tienda-en-la-provincia-de-albacete\/#breadcrumb"},"inLanguage":"es","potentialAction":[{"@type":"ReadAction","target":["https:\/\/almazaraalcaraz.com\/tienda\/encuentra-tu-tienda-en-la-provincia-de-albacete\/"]}]},{"@type":"ImageObject","inLanguage":"es","@id":"https:\/\/almazaraalcaraz.com\/tienda\/encuentra-tu-tienda-en-la-provincia-de-albacete\/#primaryimage","url":"https:\/\/almazaraalcaraz.com\/tienda\/wp-content\/uploads\/2023\/05\/1.png","contentUrl":"https:\/\/almazaraalcaraz.com\/tienda\/wp-content\/uploads\/2023\/05\/1.png","width":2000,"height":1414},{"@type":"BreadcrumbList","@id":"https:\/\/almazaraalcaraz.com\/tienda\/encuentra-tu-tienda-en-la-provincia-de-albacete\/#breadcrumb","itemListElement":[{"@type":"ListItem","position":1,"name":"Portada","item":"https:\/\/almazaraalcaraz.com\/tienda\/"},{"@type":"ListItem","position":2,"name":"ENCUENTRA TU TIENDA EN LA PROVINCIA DE ALBACETE"}]},{"@type":"WebSite","@id":"https:\/\/almazaraalcaraz.com\/tienda\/#website","url":"https:\/\/almazaraalcaraz.com\/tienda\/","name":"Almazara de Alcaraz","description":"Agropecuaria Ecol\u00f3gica Sierra de alcara","publisher":{"@id":"https:\/\/almazaraalcaraz.com\/tienda\/#organization"},"potentialAction":[{"@type":"SearchAction","target":{"@type":"EntryPoint","urlTemplate":"https:\/\/almazaraalcaraz.com\/tienda\/?s={search_term_string}"},"query-input":{"@type":"PropertyValueSpecification","valueRequired":true,"valueName":"search_term_string"}}],"inLanguage":"es"},{"@type":"Organization","@id":"https:\/\/almazaraalcaraz.com\/tienda\/#organization","name":"Almazara de Alcaraz","url":"https:\/\/almazaraalcaraz.com\/tienda\/","logo":{"@type":"ImageObject","inLanguage":"es","@id":"https:\/\/almazaraalcaraz.com\/tienda\/#\/schema\/logo\/image\/","url":"https:\/\/almazaraalcaraz.com\/tienda\/wp-content\/uploads\/2023\/06\/Logo-AESA_masgordo.png","contentUrl":"https:\/\/almazaraalcaraz.com\/tienda\/wp-content\/uploads\/2023\/06\/Logo-AESA_masgordo.png","width":591,"height":264,"caption":"Almazara de Alcaraz"},"image":{"@id":"https:\/\/almazaraalcaraz.com\/tienda\/#\/schema\/logo\/image\/"},"sameAs":["https:\/\/www.facebook.com\/aesabio\/?locale=es_ES","https:\/\/www.youtube.com\/@AESAsierradealcaraz"]},{"@type":"Person","@id":"https:\/\/almazaraalcaraz.com\/tienda\/#\/schema\/person\/5a9649e276f63a7e6a47b9d47b8504ad","name":"administrador","image":{"@type":"ImageObject","inLanguage":"es","@id":"https:\/\/almazaraalcaraz.com\/tienda\/#\/schema\/person\/image\/","url":"https:\/\/secure.gravatar.com\/avatar\/7e868cfc55c1b2cb27ed92695d10ff753b6953035f68338f57733e711bc4e8e9?s=96&d=mm&r=g","contentUrl":"https:\/\/secure.gravatar.com\/avatar\/7e868cfc55c1b2cb27ed92695d10ff753b6953035f68338f57733e711bc4e8e9?s=96&d=mm&r=g","caption":"administrador"},"url":"https:\/\/almazaraalcaraz.com\/tienda\/author\/administrador\/"}]}},"_links":{"self":[{"href":"https:\/\/almazaraalcaraz.com\/tienda\/wp-json\/wp\/v2\/posts\/6764","targetHints":{"allow":["GET"]}}],"collection":[{"href":"https:\/\/almazaraalcaraz.com\/tienda\/wp-json\/wp\/v2\/posts"}],"about":[{"href":"https:\/\/almazaraalcaraz.com\/tienda\/wp-json\/wp\/v2\/types\/post"}],"author":[{"embeddable":true,"href":"https:\/\/almazaraalcaraz.com\/tienda\/wp-json\/wp\/v2\/users\/1"}],"replies":[{"embeddable":true,"href":"https:\/\/almazaraalcaraz.com\/tienda\/wp-json\/wp\/v2\/comments?post=6764"}],"version-history":[{"count":2,"href":"https:\/\/almazaraalcaraz.com\/tienda\/wp-json\/wp\/v2\/posts\/6764\/revisions"}],"predecessor-version":[{"id":6769,"href":"https:\/\/almazaraalcaraz.com\/tienda\/wp-json\/wp\/v2\/posts\/6764\/revisions\/6769"}],"wp:featuredmedia":[{"embeddable":true,"href":"https:\/\/almazaraalcaraz.com\/tienda\/wp-json\/wp\/v2\/media\/6765"}],"wp:attachment":[{"href":"https:\/\/almazaraalcaraz.com\/tienda\/wp-json\/wp\/v2\/media?parent=6764"}],"wp:term":[{"taxonomy":"category","embeddable":true,"href":"https:\/\/almazaraalcaraz.com\/tienda\/wp-json\/wp\/v2\/categories?post=6764"},{"taxonomy":"post_tag","embeddable":true,"href":"https:\/\/almazaraalcaraz.com\/tienda\/wp-json\/wp\/v2\/tags?post=6764"}],"curies":[{"name":"wp","href":"https:\/\/api.w.org\/{rel}","templated":true}]}}